


{"id":1784,"date":"2026-04-25T19:38:15","date_gmt":"2026-04-25T17:38:15","guid":{"rendered":"https:\/\/przedszkole125.edu.wroclaw.pl\/?p=1784"},"modified":"2026-04-25T19:38:15","modified_gmt":"2026-04-25T17:38:15","slug":"konkurs-plastyczny-moja-bialo-czerwona-ojczyzna","status":"publish","type":"post","link":"https:\/\/przedszkole125.edu.wroclaw.pl\/index.php\/2026\/04\/25\/konkurs-plastyczny-moja-bialo-czerwona-ojczyzna\/","title":{"rendered":"Konkurs plastyczny &#8222;Moja bia\u0142o-czerwona ojczyzna\u201d"},"content":{"rendered":"<p><span style=\"font-size: 14pt;font-family: arial, helvetica, sans-serif\">\ud83d\udce2KONKURS PLASTYCZNY \ud83c\udfa8<\/span><\/p>\n<p><span style=\"font-size: 14pt;font-family: arial, helvetica, sans-serif\">Serdecznie zapraszamy wszystkie dzieci do udzia\u0142u w konkursie plastycznym pt. <strong>&#8222;Moja bia\u0142o-czerwona ojczyzna\u201d<\/strong><\/span><\/p>\n<p style=\"text-align: left\"><span style=\"font-size: 12pt;font-family: arial, helvetica, sans-serif\">\ud83d\udd8c Technika: dowolna<\/span><\/p>\n<p style=\"text-align: left\"><span style=\"font-size: 12pt;font-family: arial, helvetica, sans-serif\">\ud83d\udcc5 Termin sk\u0142adania prac: do 29.04.2026 r.<\/span><\/p>\n<p style=\"text-align: left\"><span style=\"font-size: 12pt;font-family: arial, helvetica, sans-serif\">\ud83d\udccd Miejsce sk\u0142adania: Grupa II<\/span><\/p>\n<p style=\"text-align: left\"><span style=\"font-size: 12pt;font-family: arial, helvetica, sans-serif\">\ud83d\udca1 Tematyka pracy mo\u017ce obejmowa\u0107:<\/span><\/p>\n<ul>\n<li style=\"text-align: left\"><span style=\"font-size: 12pt;font-family: arial, helvetica, sans-serif\">god\u0142o Polski<\/span><\/li>\n<li style=\"text-align: left\"><span style=\"font-size: 12pt;font-family: arial, helvetica, sans-serif\">flag\u0119 Polski<\/span><\/li>\n<li style=\"text-align: left\"><span style=\"font-size: 12pt;font-family: arial, helvetica, sans-serif\">charakterystyczne miejsce w Polsce<\/span><\/li>\n<li style=\"text-align: left\"><span style=\"font-size: 12pt;font-family: arial, helvetica, sans-serif\">w\u0142asn\u0105 interpretacj\u0119 tematu<\/span><\/li>\n<\/ul>\n<p style=\"text-align: left\"><span style=\"font-size: 14pt;font-family: arial, helvetica, sans-serif\">Celem konkursu jest rozwijanie kreatywno\u015bci dzieci <\/span><span style=\"font-size: 14pt;font-family: arial, helvetica, sans-serif\">oraz kszta\u0142towanie postaw patriotycznych.<\/span><\/p>\n<p style=\"text-align: right\"><span style=\"font-size: 10pt;font-family: arial, helvetica, sans-serif\">Organizatorzy:<\/span><br \/>\n<span style=\"font-size: 10pt;font-family: arial, helvetica, sans-serif\">Natalia Gadzina<\/span><br \/>\n<span style=\"font-size: 10pt;font-family: arial, helvetica, sans-serif\">Marcelina St\u00f3j<\/span><br \/>\n<span style=\"font-size: 10pt;font-family: arial, helvetica, sans-serif\">Zach\u0119camy do udzia\u0142u! \ud83d\ude0a<\/span><\/p>\n","protected":false},"excerpt":{"rendered":"<p>\ud83d\udce2KONKURS PLASTYCZNY \ud83c\udfa8 Serdecznie zapraszamy wszystkie dzieci do udzia\u0142u w konkursie plastycznym pt. &#8222;Moja bia\u0142o-czerwona ojczyzna\u201d \ud83d\udd8c Technika: dowolna \ud83d\udcc5 Termin sk\u0142adania prac: do 29.04.2026 r. \ud83d\udccd Miejsce sk\u0142adania: Grupa [&hellip;]<\/p>\n","protected":false},"author":384,"featured_media":1785,"comment_status":"open","ping_status":"open","sticky":false,"template":"","format":"standard","meta":{"footnotes":""},"categories":[4],"tags":[],"class_list":["post-1784","post","type-post","status-publish","format-standard","has-post-thumbnail","hentry","category-aktualnosci","clearfix"],"_links":{"self":[{"href":"https:\/\/przedszkole125.edu.wroclaw.pl\/index.php\/wp-json\/wp\/v2\/posts\/1784","targetHints":{"allow":["GET"]}}],"collection":[{"href":"https:\/\/przedszkole125.edu.wroclaw.pl\/index.php\/wp-json\/wp\/v2\/posts"}],"about":[{"href":"https:\/\/przedszkole125.edu.wroclaw.pl\/index.php\/wp-json\/wp\/v2\/types\/post"}],"author":[{"embeddable":true,"href":"https:\/\/przedszkole125.edu.wroclaw.pl\/index.php\/wp-json\/wp\/v2\/users\/384"}],"replies":[{"embeddable":true,"href":"https:\/\/przedszkole125.edu.wroclaw.pl\/index.php\/wp-json\/wp\/v2\/comments?post=1784"}],"version-history":[{"count":1,"href":"https:\/\/przedszkole125.edu.wroclaw.pl\/index.php\/wp-json\/wp\/v2\/posts\/1784\/revisions"}],"predecessor-version":[{"id":1786,"href":"https:\/\/przedszkole125.edu.wroclaw.pl\/index.php\/wp-json\/wp\/v2\/posts\/1784\/revisions\/1786"}],"wp:featuredmedia":[{"embeddable":true,"href":"https:\/\/przedszkole125.edu.wroclaw.pl\/index.php\/wp-json\/wp\/v2\/media\/1785"}],"wp:attachment":[{"href":"https:\/\/przedszkole125.edu.wroclaw.pl\/index.php\/wp-json\/wp\/v2\/media?parent=1784"}],"wp:term":[{"taxonomy":"category","embeddable":true,"href":"https:\/\/przedszkole125.edu.wroclaw.pl\/index.php\/wp-json\/wp\/v2\/categories?post=1784"},{"taxonomy":"post_tag","embeddable":true,"href":"https:\/\/przedszkole125.edu.wroclaw.pl\/index.php\/wp-json\/wp\/v2\/tags?post=1784"}],"curies":[{"name":"wp","href":"https:\/\/api.w.org\/{rel}","templated":true}]}}